{"id":7586,"date":"2022-04-28T12:15:44","date_gmt":"2022-04-28T10:15:44","guid":{"rendered":"https:\/\/snv.hr\/foto-konacno-otkriven-spomenik-zrtvama-holokausta-i-ustaskog-rezima\/"},"modified":"2022-05-20T11:07:53","modified_gmt":"2022-05-20T09:07:53","slug":"foto-konacno-otkriven-spomenik-zrtvama-holokausta-i-ustaskog-rezima","status":"publish","type":"post","link":"https:\/\/snv.hr\/en\/foto-konacno-otkriven-spomenik-zrtvama-holokausta-i-ustaskog-rezima\/","title":{"rendered":"Photo: Monument to Holocaust and Ustasha Regime Victims Finally Unveiled"},"content":{"rendered":"<h2>One of the allies at the time was the Independent State of Croatia (NDH) with direct participation of the Ustasha regime at its forefront, said Zagreb Mayor Toma\u0161evi\u0107, emphasizing that concentration camps in the NDH were established after the Nazi model and that Jews, Serbs, and Roma, as well as all those who opposed the Ustasha regime were systematically imprisoned and killed in them<\/h2>\n<p>BY: <a href=\"https:\/\/www.portalnovosti.com\/nenad-jovanovi\" target=\"_blank\" rel=\"noopener\">Nenad Jovanovi\u0107<\/a> \/ <a href=\"https:\/\/www.portalnovosti.com\/\" target=\"_blank\" rel=\"noopener\">Novosti<\/a><\/p>\n<p>PHOTO: <a href=\"https:\/\/www.portalnovosti.com\/nenad-jovanovi\" target=\"_blank\" rel=\"noopener\">Nenad Jovanovi\u0107<\/a><\/p>\n<p>On the occasion of marking the Holocaust and Heroism Remembrance Day \u2013 Yom HaShoah, a monument to the victims of the Holocaust and the Ustasha regime was officially unveiled on April 27, 2022 in Zagreb. The monument, located near Zagreb\u2019s Central Train Station, from where groups with more than 800 Jews set out for certain deaths in the Auschwitz camp complex, was unveiled by Zagreb Mayor Tomislav Toma\u0161evi\u0107 and Oleg Mandi\u0107, a surviving Auschwitz prisoner.<\/p>\n<p>\u2013 On the occasion of the commemoration of the International Holocaust Remembrance Day, Yom HaShoah, I humbly stand here with deep respect for the tens of thousands of Jews, Serbs, Roma, and all others who were brutally persecuted and killed by the Nazis and the Ustasha regime. Tens of thousands sound like just some numbers, but these are people like me and you. These are the destinies of people who were brutally killed. I stand here in the hope that today\u2019s unveiling of the monument to the victims of the Holocaust and the Ustasha regime will contribute to not forgetting the mistakes of the past and to repeating them as little as possible in the future. Resistance and suffering in Nazi Germany and allied countries are being commemorated, and it must be said that one of the allies was the NDH at the time, with direct participation of the Ustasha regime at its forefront \u2013 said Toma\u0161evi\u0107, emphasizing that concentration camps in the NDH were established after the Nazi model and that Jews, Serbs, and Roma, together with all those who opposed the Ustasha regime were systematically imprisoned and killed in them.<\/p>\n<p>\u2013 As the City Administration, we inherited a monument that was not completed due to the inability to agree on the inscription on its plaque. Despite the controversy, we felt that it was our obligation to put into function the monument built with the money of the people of Zagreb. Thanks to an agreement with representatives of Jewish associations, but also with all the genocide victim peoples, the inscription next to the monument clearly reflects the criminal nature of the Ustasha regime. Otherwise, we would have a monument to the victims of the Holocaust tucked away somewhere, as if it does not concern us \u2013 said the Zagreb Mayor, commenting on the debate over the name of the monument, adding that the memory of Jewish suffering in Europe does not neglect the victims of the Ustasha regime.<\/p>\n<p>\u2013 Every monument needs to do something for the present, but also for the future; it must be a warning and a caution, but it also has to contribute to informing and educating young people about what took place here, which can become a lasting memory to the victims of the Ustasha regime, contribute to a more tolerant future and be a pledge of peace. Although no monument can express the Evil that happened in the city, the country, and Europe, I would like for this monument to help us finally face it in Croatian society, which in one part has still not come to terms with its unwanted past. Facing the dark episodes of our history does not make us weaker, but stronger for living in the present and the future. There is room for everyone in this city and no one should be discriminated against on any grounds \u2013 Toma\u0161evi\u0107 emphasised at the end of his speech.<\/p>\n<p>\u2013 Remembrance does not only mean living in the past, but trying to tear past experiences from oblivion and make them a pledge of a better future. Trunks and the locomotive convey thoughts of transfers whose destinations, irrelevant and secondary, were Jasenovac, Stara Gradi\u0161ka, or Auschwitz, as the final part of a sickeningly cruel genocidal policy of the Third Reich embraced by many collaborationist regimes in Europe, including the Ustasha regime in the NDH. The fact that some met their ends being slaughtered on the Sava embankment near Jasenovac, and others suffocated by Cyclone B in Auschwitz, only reveals the colossal scale of the crimes committed. It is up to us to use such monuments to get acquainted with Evil (with a capital E) in its most hidden form, and to find a sprout of good in those experiences, on which it would be desirable to build our future, said Mandi\u0107.<\/p>\n<figure id=\"attachment_6478\" aria-describedby=\"caption-attachment-6478\" style=\"width: 1356px\" class=\"wp-caption alignnone\"><img loading=\"lazy\" decoding=\"async\" class=\"wp-image-6479\" src=\"https:\/\/snv.hr\/wp-content\/uploads\/2022\/04\/spomen-11-300x169.jpg\" alt=\"\" width=\"1356\" height=\"764\" srcset=\"https:\/\/snv.hr\/wp-content\/uploads\/2022\/04\/spomen-11-300x169.jpg 300w, https:\/\/snv.hr\/wp-content\/uploads\/2022\/04\/spomen-11-1024x576.jpg 1024w, https:\/\/snv.hr\/wp-content\/uploads\/2022\/04\/spomen-11-768x432.jpg 768w, https:\/\/snv.hr\/wp-content\/uploads\/2022\/04\/spomen-11-1536x865.jpg 1536w, https:\/\/snv.hr\/wp-content\/uploads\/2022\/04\/spomen-11-600x338.jpg 600w, https:\/\/snv.hr\/wp-content\/uploads\/2022\/04\/spomen-11.jpg 1929w\" sizes=\"auto, (max-width: 1356px) 100vw, 1356px\" \/><figcaption id=\"caption-attachment-6478\" class=\"wp-caption-text\">Oleg Mandi\u0107 and Tomislav Toma\u0161evi\u0107 (PHOTO: Nenad Jovanovi\u0107)<\/figcaption><\/figure>\n<p>\u2013 The original inscription on the monument was improper because it should have said what really goes with it. Those people were victims of the Nazis and the Ustasha regime, which carried out these actions merrily \u2013 said Milanovi\u0107.<\/p>\n<p>Ivo Goldstein assesses that the disputes over the inscription were resolved by a compromise that may not satisfy everyone.<\/p>\n<p>\u2013 This is the moment when we need to draw the line and say that Zagreb has been given an imposing monument that will stand here for decades, maybe even hundreds of years, to commemorate the tragedy of August 1942. Between 800 and 1,000 Zagreb Jews were deported from this place to Auschwitz, none of whom had returned from there. This is a symbolic place commemorating the genocides and mass crimes that took place between 1941 and 1945. It is important that the monument is located on the site from which people left irrevocably and to tell all travellers and newcomers in three languages \u200b\u200b\u2013 Croatian, English, and Hebrew \u2013 about a part of the history of Croatia and Zagreb from 80 years ago \u2013 said Goldstein.<\/p>\n<p>As the director of Documenta, Vesna Ter\u0161eli\u010d, told us, the decision to erect a monument to the victims of the Holocaust and the Ustasha regime followed a long discussion.<\/p>\n<p>\u2013 I think the most important thing to point out is that the Ustasha regime was the main perpetrator of the crime. I hope that additional measures will follow that will make it easier for this society to remember the Jews killed in the Holocaust, the Serbs and Roma killed in genocide, as well as all those killed as anti-fascists or seen by the Ustashas as such. The monument is an important step forward, but questions remain about banning the Ustasha symbols, educating the population about the Holocaust and World War II, which includes the genocide against the Serbs and Roma, as well as the liquidation of Zagreb residents killed in Dotr\u0161\u010dina. The memorial park there, which has been landscaped beautifully, has very few visitors, especially students \u2013 said Ter\u0161eli\u010d, adding that she expects a thematic session of the Coordination for Human Rights of the City of Zagreb where the City\u2019s attitude towards World War II remembrance in Zagreb and Croatia would be discussed.<\/p>\n<p>The unveiling of the monument was attended by numerous public figures, from former Croatian presidents led by Zoran Milanovi\u0107, government and parliamentary envoys, Nina Obuljen Kor\u017einek and Kre\u0161imir Kati\u010di\u0107 respectively, to representatives of religious communities who prayed for the dead, and representatives of national minorities and the diplomatic corps, as well as civil society representatives.<\/p>\n<h2>PHOTOGALLERY:<\/h2>\n<blockquote class=\"wp-embedded-content\" data-secret=\"bod9VvgJ1u\"><p><a href=\"https:\/\/snv.hr\/en\/galerije\/otkriven-spomenik-zrtvama-holokausta-i-ustaskog-rezima-27-4-2022\/\">Monument to Holocaust and Ustasha Victims Unveiled, April 27, 2022<\/a><\/p><\/blockquote>\n<p><iframe loading=\"lazy\" class=\"wp-embedded-content\" sandbox=\"allow-scripts\" security=\"restricted\" style=\"position: absolute; clip: rect(1px, 1px, 1px, 1px);\" title=\"&#8220;Monument to Holocaust and Ustasha Victims Unveiled, April 27, 2022&#8221; &#8212; Srpsko Narodno Vije\u0107e - SNV\" src=\"https:\/\/snv.hr\/en\/galerije\/otkriven-spomenik-zrtvama-holokausta-i-ustaskog-rezima-27-4-2022\/embed\/#?secret=a5DkSzxcdk#?secret=bod9VvgJ1u\" data-secret=\"bod9VvgJ1u\" width=\"600\" height=\"338\" frameborder=\"0\" marginwidth=\"0\" marginheight=\"0\" scrolling=\"no\"><\/iframe><\/p>\n<p>&nbsp;<\/p>\n","protected":false},"excerpt":{"rendered":"<p>One of the allies at the time was the Independent State of Croatia (NDH) with direct participation of the Ustasha regime at its forefront, said Zagreb Mayor Toma\u0161evi\u0107, emphasizing that &#8230;<\/p>\n","protected":false},"author":8,"featured_media":6459,"comment_status":"closed","ping_status":"closed","sticky":false,"template":"","format":"standard","meta":{"_acf_changed":false,"inline_featured_image":false,"footnotes":""},"categories":[37],"tags":[],"class_list":["post-7586","post","type-post","status-publish","format-standard","has-post-thumbnail","hentry","category-news"],"acf":[],"yoast_head":"<!-- This site is optimized with the Yoast SEO plugin v27.4 - https:\/\/yoast.com\/product\/yoast-seo-wordpress\/ -->\n<title>Photo: Monument to Holocaust and Ustasha Regime Victims Finally Unveiled - Srpsko Narodno Vije\u0107e - SNV<\/title>\n<meta name=\"robots\" content=\"index, follow, max-snippet:-1, max-image-preview:large, max-video-preview:-1\" \/>\n<link rel=\"canonical\" href=\"https:\/\/snv.hr\/en\/foto-konacno-otkriven-spomenik-zrtvama-holokausta-i-ustaskog-rezima\/\" \/>\n<meta property=\"og:locale\" content=\"en_US\" \/>\n<meta property=\"og:type\" content=\"article\" \/>\n<meta property=\"og:title\" content=\"Photo: Monument to Holocaust and Ustasha Regime Victims Finally Unveiled - Srpsko Narodno Vije\u0107e - SNV\" \/>\n<meta property=\"og:description\" content=\"One of the allies at the time was the Independent State of Croatia (NDH) with direct participation of the Ustasha regime at its forefront, said Zagreb Mayor Toma\u0161evi\u0107, emphasizing that ...\" \/>\n<meta property=\"og:url\" content=\"https:\/\/snv.hr\/en\/foto-konacno-otkriven-spomenik-zrtvama-holokausta-i-ustaskog-rezima\/\" \/>\n<meta property=\"og:site_name\" content=\"Srpsko Narodno Vije\u0107e - SNV\" \/>\n<meta property=\"article:published_time\" content=\"2022-04-28T10:15:44+00:00\" \/>\n<meta property=\"article:modified_time\" content=\"2022-05-20T09:07:53+00:00\" \/>\n<meta property=\"og:image\" content=\"https:\/\/snv.hr\/wp-content\/uploads\/2022\/04\/spomen-1.jpg\" \/>\n\t<meta property=\"og:image:width\" content=\"1929\" \/>\n\t<meta property=\"og:image:height\" content=\"1086\" \/>\n\t<meta property=\"og:image:type\" content=\"image\/jpeg\" \/>\n<meta name=\"author\" content=\"Martina Uzelac\" \/>\n<meta name=\"twitter:card\" content=\"summary_large_image\" \/>\n<meta name=\"twitter:label1\" content=\"Written by\" \/>\n\t<meta name=\"twitter:data1\" content=\"Martina Uzelac\" \/>\n\t<meta name=\"twitter:label2\" content=\"Est. reading time\" \/>\n\t<meta name=\"twitter:data2\" content=\"6 minutes\" \/>\n<script type=\"application\/ld+json\" class=\"yoast-schema-graph\">{\"@context\":\"https:\\\/\\\/schema.org\",\"@graph\":[{\"@type\":\"Article\",\"@id\":\"https:\\\/\\\/snv.hr\\\/en\\\/foto-konacno-otkriven-spomenik-zrtvama-holokausta-i-ustaskog-rezima\\\/#article\",\"isPartOf\":{\"@id\":\"https:\\\/\\\/snv.hr\\\/en\\\/foto-konacno-otkriven-spomenik-zrtvama-holokausta-i-ustaskog-rezima\\\/\"},\"author\":{\"name\":\"Martina Uzelac\",\"@id\":\"https:\\\/\\\/snv.hr\\\/#\\\/schema\\\/person\\\/71bd2429bbe064c499ebcbf2ece5746e\"},\"headline\":\"Photo: Monument to Holocaust and Ustasha Regime Victims Finally Unveiled\",\"datePublished\":\"2022-04-28T10:15:44+00:00\",\"dateModified\":\"2022-05-20T09:07:53+00:00\",\"mainEntityOfPage\":{\"@id\":\"https:\\\/\\\/snv.hr\\\/en\\\/foto-konacno-otkriven-spomenik-zrtvama-holokausta-i-ustaskog-rezima\\\/\"},\"wordCount\":1245,\"publisher\":{\"@id\":\"https:\\\/\\\/snv.hr\\\/#organization\"},\"image\":{\"@id\":\"https:\\\/\\\/snv.hr\\\/en\\\/foto-konacno-otkriven-spomenik-zrtvama-holokausta-i-ustaskog-rezima\\\/#primaryimage\"},\"thumbnailUrl\":\"https:\\\/\\\/snv.hr\\\/wp-content\\\/uploads\\\/2022\\\/04\\\/spomen-1.jpg\",\"articleSection\":[\"News\"],\"inLanguage\":\"en-US\"},{\"@type\":\"WebPage\",\"@id\":\"https:\\\/\\\/snv.hr\\\/en\\\/foto-konacno-otkriven-spomenik-zrtvama-holokausta-i-ustaskog-rezima\\\/\",\"url\":\"https:\\\/\\\/snv.hr\\\/en\\\/foto-konacno-otkriven-spomenik-zrtvama-holokausta-i-ustaskog-rezima\\\/\",\"name\":\"Photo: Monument to Holocaust and Ustasha Regime Victims Finally Unveiled - Srpsko Narodno Vije\u0107e - SNV\",\"isPartOf\":{\"@id\":\"https:\\\/\\\/snv.hr\\\/#website\"},\"primaryImageOfPage\":{\"@id\":\"https:\\\/\\\/snv.hr\\\/en\\\/foto-konacno-otkriven-spomenik-zrtvama-holokausta-i-ustaskog-rezima\\\/#primaryimage\"},\"image\":{\"@id\":\"https:\\\/\\\/snv.hr\\\/en\\\/foto-konacno-otkriven-spomenik-zrtvama-holokausta-i-ustaskog-rezima\\\/#primaryimage\"},\"thumbnailUrl\":\"https:\\\/\\\/snv.hr\\\/wp-content\\\/uploads\\\/2022\\\/04\\\/spomen-1.jpg\",\"datePublished\":\"2022-04-28T10:15:44+00:00\",\"dateModified\":\"2022-05-20T09:07:53+00:00\",\"breadcrumb\":{\"@id\":\"https:\\\/\\\/snv.hr\\\/en\\\/foto-konacno-otkriven-spomenik-zrtvama-holokausta-i-ustaskog-rezima\\\/#breadcrumb\"},\"inLanguage\":\"en-US\",\"potentialAction\":[{\"@type\":\"ReadAction\",\"target\":[\"https:\\\/\\\/snv.hr\\\/en\\\/foto-konacno-otkriven-spomenik-zrtvama-holokausta-i-ustaskog-rezima\\\/\"]}]},{\"@type\":\"ImageObject\",\"inLanguage\":\"en-US\",\"@id\":\"https:\\\/\\\/snv.hr\\\/en\\\/foto-konacno-otkriven-spomenik-zrtvama-holokausta-i-ustaskog-rezima\\\/#primaryimage\",\"url\":\"https:\\\/\\\/snv.hr\\\/wp-content\\\/uploads\\\/2022\\\/04\\\/spomen-1.jpg\",\"contentUrl\":\"https:\\\/\\\/snv.hr\\\/wp-content\\\/uploads\\\/2022\\\/04\\\/spomen-1.jpg\",\"width\":1929,\"height\":1086,\"caption\":\"The monument in Zagreb (PHOTO: Nenad Jovanovi\u0107)\"},{\"@type\":\"BreadcrumbList\",\"@id\":\"https:\\\/\\\/snv.hr\\\/en\\\/foto-konacno-otkriven-spomenik-zrtvama-holokausta-i-ustaskog-rezima\\\/#breadcrumb\",\"itemListElement\":[{\"@type\":\"ListItem\",\"position\":1,\"name\":\"Po\u010detna stranica\",\"item\":\"https:\\\/\\\/snv.hr\\\/en\\\/\"},{\"@type\":\"ListItem\",\"position\":2,\"name\":\"Photo: Monument to Holocaust and Ustasha Regime Victims Finally Unveiled\"}]},{\"@type\":\"WebSite\",\"@id\":\"https:\\\/\\\/snv.hr\\\/#website\",\"url\":\"https:\\\/\\\/snv.hr\\\/\",\"name\":\"Srpsko Narodno Vije\u0107e - SNV\",\"description\":\"Just another WordPress site\",\"publisher\":{\"@id\":\"https:\\\/\\\/snv.hr\\\/#organization\"},\"potentialAction\":[{\"@type\":\"SearchAction\",\"target\":{\"@type\":\"EntryPoint\",\"urlTemplate\":\"https:\\\/\\\/snv.hr\\\/?s={search_term_string}\"},\"query-input\":{\"@type\":\"PropertyValueSpecification\",\"valueRequired\":true,\"valueName\":\"search_term_string\"}}],\"inLanguage\":\"en-US\"},{\"@type\":\"Organization\",\"@id\":\"https:\\\/\\\/snv.hr\\\/#organization\",\"name\":\"Srpsko Narodno Vije\u0107e - SNV\",\"url\":\"https:\\\/\\\/snv.hr\\\/\",\"logo\":{\"@type\":\"ImageObject\",\"inLanguage\":\"en-US\",\"@id\":\"https:\\\/\\\/snv.hr\\\/#\\\/schema\\\/logo\\\/image\\\/\",\"url\":\"https:\\\/\\\/snv.hr\\\/wp-content\\\/uploads\\\/2022\\\/06\\\/SNV_logo_RGB-01.svg\",\"contentUrl\":\"https:\\\/\\\/snv.hr\\\/wp-content\\\/uploads\\\/2022\\\/06\\\/SNV_logo_RGB-01.svg\",\"width\":1417,\"height\":259,\"caption\":\"Srpsko Narodno Vije\u0107e - SNV\"},\"image\":{\"@id\":\"https:\\\/\\\/snv.hr\\\/#\\\/schema\\\/logo\\\/image\\\/\"}},{\"@type\":\"Person\",\"@id\":\"https:\\\/\\\/snv.hr\\\/#\\\/schema\\\/person\\\/71bd2429bbe064c499ebcbf2ece5746e\",\"name\":\"Martina Uzelac\",\"image\":{\"@type\":\"ImageObject\",\"inLanguage\":\"en-US\",\"@id\":\"https:\\\/\\\/secure.gravatar.com\\\/avatar\\\/2538d5edd230242b569397f1ecb4285b68782522b3bbb39ec340187d243e308a?s=96&d=mm&r=g\",\"url\":\"https:\\\/\\\/secure.gravatar.com\\\/avatar\\\/2538d5edd230242b569397f1ecb4285b68782522b3bbb39ec340187d243e308a?s=96&d=mm&r=g\",\"contentUrl\":\"https:\\\/\\\/secure.gravatar.com\\\/avatar\\\/2538d5edd230242b569397f1ecb4285b68782522b3bbb39ec340187d243e308a?s=96&d=mm&r=g\",\"caption\":\"Martina Uzelac\"}}]}<\/script>\n<!-- \/ Yoast SEO plugin. -->","yoast_head_json":{"title":"Photo: Monument to Holocaust and Ustasha Regime Victims Finally Unveiled - Srpsko Narodno Vije\u0107e - SNV","robots":{"index":"index","follow":"follow","max-snippet":"max-snippet:-1","max-image-preview":"max-image-preview:large","max-video-preview":"max-video-preview:-1"},"canonical":"https:\/\/snv.hr\/en\/foto-konacno-otkriven-spomenik-zrtvama-holokausta-i-ustaskog-rezima\/","og_locale":"en_US","og_type":"article","og_title":"Photo: Monument to Holocaust and Ustasha Regime Victims Finally Unveiled - Srpsko Narodno Vije\u0107e - SNV","og_description":"One of the allies at the time was the Independent State of Croatia (NDH) with direct participation of the Ustasha regime at its forefront, said Zagreb Mayor Toma\u0161evi\u0107, emphasizing that ...","og_url":"https:\/\/snv.hr\/en\/foto-konacno-otkriven-spomenik-zrtvama-holokausta-i-ustaskog-rezima\/","og_site_name":"Srpsko Narodno Vije\u0107e - SNV","article_published_time":"2022-04-28T10:15:44+00:00","article_modified_time":"2022-05-20T09:07:53+00:00","og_image":[{"width":1929,"height":1086,"url":"https:\/\/snv.hr\/wp-content\/uploads\/2022\/04\/spomen-1.jpg","type":"image\/jpeg"}],"author":"Martina Uzelac","twitter_card":"summary_large_image","twitter_misc":{"Written by":"Martina Uzelac","Est. reading time":"6 minutes"},"schema":{"@context":"https:\/\/schema.org","@graph":[{"@type":"Article","@id":"https:\/\/snv.hr\/en\/foto-konacno-otkriven-spomenik-zrtvama-holokausta-i-ustaskog-rezima\/#article","isPartOf":{"@id":"https:\/\/snv.hr\/en\/foto-konacno-otkriven-spomenik-zrtvama-holokausta-i-ustaskog-rezima\/"},"author":{"name":"Martina Uzelac","@id":"https:\/\/snv.hr\/#\/schema\/person\/71bd2429bbe064c499ebcbf2ece5746e"},"headline":"Photo: Monument to Holocaust and Ustasha Regime Victims Finally Unveiled","datePublished":"2022-04-28T10:15:44+00:00","dateModified":"2022-05-20T09:07:53+00:00","mainEntityOfPage":{"@id":"https:\/\/snv.hr\/en\/foto-konacno-otkriven-spomenik-zrtvama-holokausta-i-ustaskog-rezima\/"},"wordCount":1245,"publisher":{"@id":"https:\/\/snv.hr\/#organization"},"image":{"@id":"https:\/\/snv.hr\/en\/foto-konacno-otkriven-spomenik-zrtvama-holokausta-i-ustaskog-rezima\/#primaryimage"},"thumbnailUrl":"https:\/\/snv.hr\/wp-content\/uploads\/2022\/04\/spomen-1.jpg","articleSection":["News"],"inLanguage":"en-US"},{"@type":"WebPage","@id":"https:\/\/snv.hr\/en\/foto-konacno-otkriven-spomenik-zrtvama-holokausta-i-ustaskog-rezima\/","url":"https:\/\/snv.hr\/en\/foto-konacno-otkriven-spomenik-zrtvama-holokausta-i-ustaskog-rezima\/","name":"Photo: Monument to Holocaust and Ustasha Regime Victims Finally Unveiled - Srpsko Narodno Vije\u0107e - SNV","isPartOf":{"@id":"https:\/\/snv.hr\/#website"},"primaryImageOfPage":{"@id":"https:\/\/snv.hr\/en\/foto-konacno-otkriven-spomenik-zrtvama-holokausta-i-ustaskog-rezima\/#primaryimage"},"image":{"@id":"https:\/\/snv.hr\/en\/foto-konacno-otkriven-spomenik-zrtvama-holokausta-i-ustaskog-rezima\/#primaryimage"},"thumbnailUrl":"https:\/\/snv.hr\/wp-content\/uploads\/2022\/04\/spomen-1.jpg","datePublished":"2022-04-28T10:15:44+00:00","dateModified":"2022-05-20T09:07:53+00:00","breadcrumb":{"@id":"https:\/\/snv.hr\/en\/foto-konacno-otkriven-spomenik-zrtvama-holokausta-i-ustaskog-rezima\/#breadcrumb"},"inLanguage":"en-US","potentialAction":[{"@type":"ReadAction","target":["https:\/\/snv.hr\/en\/foto-konacno-otkriven-spomenik-zrtvama-holokausta-i-ustaskog-rezima\/"]}]},{"@type":"ImageObject","inLanguage":"en-US","@id":"https:\/\/snv.hr\/en\/foto-konacno-otkriven-spomenik-zrtvama-holokausta-i-ustaskog-rezima\/#primaryimage","url":"https:\/\/snv.hr\/wp-content\/uploads\/2022\/04\/spomen-1.jpg","contentUrl":"https:\/\/snv.hr\/wp-content\/uploads\/2022\/04\/spomen-1.jpg","width":1929,"height":1086,"caption":"The monument in Zagreb (PHOTO: Nenad Jovanovi\u0107)"},{"@type":"BreadcrumbList","@id":"https:\/\/snv.hr\/en\/foto-konacno-otkriven-spomenik-zrtvama-holokausta-i-ustaskog-rezima\/#breadcrumb","itemListElement":[{"@type":"ListItem","position":1,"name":"Po\u010detna stranica","item":"https:\/\/snv.hr\/en\/"},{"@type":"ListItem","position":2,"name":"Photo: Monument to Holocaust and Ustasha Regime Victims Finally Unveiled"}]},{"@type":"WebSite","@id":"https:\/\/snv.hr\/#website","url":"https:\/\/snv.hr\/","name":"Srpsko Narodno Vije\u0107e - SNV","description":"Just another WordPress site","publisher":{"@id":"https:\/\/snv.hr\/#organization"},"potentialAction":[{"@type":"SearchAction","target":{"@type":"EntryPoint","urlTemplate":"https:\/\/snv.hr\/?s={search_term_string}"},"query-input":{"@type":"PropertyValueSpecification","valueRequired":true,"valueName":"search_term_string"}}],"inLanguage":"en-US"},{"@type":"Organization","@id":"https:\/\/snv.hr\/#organization","name":"Srpsko Narodno Vije\u0107e - SNV","url":"https:\/\/snv.hr\/","logo":{"@type":"ImageObject","inLanguage":"en-US","@id":"https:\/\/snv.hr\/#\/schema\/logo\/image\/","url":"https:\/\/snv.hr\/wp-content\/uploads\/2022\/06\/SNV_logo_RGB-01.svg","contentUrl":"https:\/\/snv.hr\/wp-content\/uploads\/2022\/06\/SNV_logo_RGB-01.svg","width":1417,"height":259,"caption":"Srpsko Narodno Vije\u0107e - SNV"},"image":{"@id":"https:\/\/snv.hr\/#\/schema\/logo\/image\/"}},{"@type":"Person","@id":"https:\/\/snv.hr\/#\/schema\/person\/71bd2429bbe064c499ebcbf2ece5746e","name":"Martina Uzelac","image":{"@type":"ImageObject","inLanguage":"en-US","@id":"https:\/\/secure.gravatar.com\/avatar\/2538d5edd230242b569397f1ecb4285b68782522b3bbb39ec340187d243e308a?s=96&d=mm&r=g","url":"https:\/\/secure.gravatar.com\/avatar\/2538d5edd230242b569397f1ecb4285b68782522b3bbb39ec340187d243e308a?s=96&d=mm&r=g","contentUrl":"https:\/\/secure.gravatar.com\/avatar\/2538d5edd230242b569397f1ecb4285b68782522b3bbb39ec340187d243e308a?s=96&d=mm&r=g","caption":"Martina Uzelac"}}]}},"_links":{"self":[{"href":"https:\/\/snv.hr\/en\/wp-json\/wp\/v2\/posts\/7586","targetHints":{"allow":["GET"]}}],"collection":[{"href":"https:\/\/snv.hr\/en\/wp-json\/wp\/v2\/posts"}],"about":[{"href":"https:\/\/snv.hr\/en\/wp-json\/wp\/v2\/types\/post"}],"author":[{"embeddable":true,"href":"https:\/\/snv.hr\/en\/wp-json\/wp\/v2\/users\/8"}],"replies":[{"embeddable":true,"href":"https:\/\/snv.hr\/en\/wp-json\/wp\/v2\/comments?post=7586"}],"version-history":[{"count":2,"href":"https:\/\/snv.hr\/en\/wp-json\/wp\/v2\/posts\/7586\/revisions"}],"predecessor-version":[{"id":7605,"href":"https:\/\/snv.hr\/en\/wp-json\/wp\/v2\/posts\/7586\/revisions\/7605"}],"wp:featuredmedia":[{"embeddable":true,"href":"https:\/\/snv.hr\/en\/wp-json\/wp\/v2\/media\/6459"}],"wp:attachment":[{"href":"https:\/\/snv.hr\/en\/wp-json\/wp\/v2\/media?parent=7586"}],"wp:term":[{"taxonomy":"category","embeddable":true,"href":"https:\/\/snv.hr\/en\/wp-json\/wp\/v2\/categories?post=7586"},{"taxonomy":"post_tag","embeddable":true,"href":"https:\/\/snv.hr\/en\/wp-json\/wp\/v2\/tags?post=7586"}],"curies":[{"name":"wp","href":"https:\/\/api.w.org\/{rel}","templated":true}]}}