{"id":195,"count":1,"description":"Heritage from Below \/ Dre\u017enica: Traces and Memories 1941 \u2014 1945 is an international interdisciplinary heritage project focused on the region of Dre\u017enica and its recent past. Located in central Croatia, this area was an important stage for the partisan struggle during <strong>WWII<\/strong>\u00a0and its landscape is marked by its traces. Those traces include hospitals, printing houses and military camps, as well as post-<strong>WWII<\/strong> monuments and the vast constellation of social and personal memories. We are interested in the entanglements of these traces and in the development of new methodological approaches to cultural heritage. In this project, we take heritage as an emancipatory practice for and by the local communities of our times.\r\n\r\nProject Coordinator: Sanja Horvatin\u010di\u0107\r\nResearch Team: Sanja Horvatin\u010di\u0107, Igor Kulenovi\u0107, Rui Gomes Coelho, Xurxo Ay\u00e1n Vila, Carlos Otero Vilari\u00f1o, Milan Radanovi\u0107, Emil Jurcan, Sara Sim\u00f5es\r\nDesign: Nikola Kri\u017eanac\r\nFilm: Matija Kralj\r\nProject partner: Serb National Council","link":"https:\/\/snv.hr\/en\/category\/news\/initiatives\/heritage-from-below-dreznica-traces-and-memories-1941-1945\/","name":"Heritage from Below \/ Dre\u017enica: Traces and Memories 1941 \u2014 1945","slug":"heritage-from-below-dreznica-traces-and-memories-1941-1945","taxonomy":"category","parent":106,"meta":[],"acf":[],"yoast_head":"<!-- This site is optimized with the Yoast SEO plugin v27.4 - https:\/\/yoast.com\/product\/yoast-seo-wordpress\/ -->\n<title>Arhiva Heritage from Below \/ Dre\u017enica: Traces and Memories 1941 \u2014 1945 - Srpsko Narodno Vije\u0107e - SNV<\/title>\n<meta name=\"robots\" content=\"index, follow, max-snippet:-1, max-image-preview:large, max-video-preview:-1\" \/>\n<link rel=\"canonical\" href=\"https:\/\/snv.hr\/en\/news\/initiatives\/heritage-from-below-dreznica-traces-and-memories-1941-1945\/\" \/>\n<meta property=\"og:locale\" content=\"en_US\" \/>\n<meta property=\"og:type\" content=\"article\" \/>\n<meta property=\"og:title\" content=\"Arhiva Heritage from Below \/ Dre\u017enica: Traces and Memories 1941 \u2014 1945 - Srpsko Narodno Vije\u0107e - SNV\" \/>\n<meta property=\"og:description\" content=\"Heritage from Below \/ Dre\u017enica: Traces and Memories 1941 \u2014 1945 is an international interdisciplinary heritage project focused on the region of Dre\u017enica and its recent past. Located in central Croatia, this area was an important stage for the partisan struggle during WWII\u00a0and its landscape is marked by its traces. Those traces include hospitals, printing houses and military camps, as well as post-WWII monuments and the vast constellation of social and personal memories. We are interested in the entanglements of these traces and in the development of new methodological approaches to cultural heritage. In this project, we take heritage as an emancipatory practice for and by the local communities of our times. Project Coordinator: Sanja Horvatin\u010di\u0107 Research Team: Sanja Horvatin\u010di\u0107, Igor Kulenovi\u0107, Rui Gomes Coelho, Xurxo Ay\u00e1n Vila, Carlos Otero Vilari\u00f1o, Milan Radanovi\u0107, Emil Jurcan, Sara Sim\u00f5es Design: Nikola Kri\u017eanac Film: Matija Kralj Project partner: Serb National Council\" \/>\n<meta property=\"og:url\" content=\"https:\/\/snv.hr\/en\/news\/initiatives\/heritage-from-below-dreznica-traces-and-memories-1941-1945\/\" \/>\n<meta property=\"og:site_name\" content=\"Srpsko Narodno Vije\u0107e - SNV\" \/>\n<meta name=\"twitter:card\" content=\"summary_large_image\" \/>\n<script type=\"application\/ld+json\" class=\"yoast-schema-graph\">{\"@context\":\"https:\\\/\\\/schema.org\",\"@graph\":[{\"@type\":\"CollectionPage\",\"@id\":\"https:\\\/\\\/snv.hr\\\/en\\\/news\\\/initiatives\\\/heritage-from-below-dreznica-traces-and-memories-1941-1945\\\/\",\"url\":\"https:\\\/\\\/snv.hr\\\/en\\\/news\\\/initiatives\\\/heritage-from-below-dreznica-traces-and-memories-1941-1945\\\/\",\"name\":\"Arhiva Heritage from Below \\\/ Dre\u017enica: Traces and Memories 1941 \u2014 1945 - Srpsko Narodno Vije\u0107e - SNV\",\"isPartOf\":{\"@id\":\"https:\\\/\\\/snv.hr\\\/#website\"},\"breadcrumb\":{\"@id\":\"https:\\\/\\\/snv.hr\\\/en\\\/news\\\/initiatives\\\/heritage-from-below-dreznica-traces-and-memories-1941-1945\\\/#breadcrumb\"},\"inLanguage\":\"en-US\"},{\"@type\":\"BreadcrumbList\",\"@id\":\"https:\\\/\\\/snv.hr\\\/en\\\/news\\\/initiatives\\\/heritage-from-below-dreznica-traces-and-memories-1941-1945\\\/#breadcrumb\",\"itemListElement\":[{\"@type\":\"ListItem\",\"position\":1,\"name\":\"Po\u010detna stranica\",\"item\":\"https:\\\/\\\/snv.hr\\\/en\\\/\"},{\"@type\":\"ListItem\",\"position\":2,\"name\":\"News\",\"item\":\"https:\\\/\\\/snv.hr\\\/en\\\/news\\\/\"},{\"@type\":\"ListItem\",\"position\":3,\"name\":\"Initiatives\",\"item\":\"https:\\\/\\\/snv.hr\\\/en\\\/news\\\/initiatives\\\/\"},{\"@type\":\"ListItem\",\"position\":4,\"name\":\"Heritage from Below \\\/ Dre\u017enica: Traces and Memories 1941 \u2014 1945\"}]},{\"@type\":\"WebSite\",\"@id\":\"https:\\\/\\\/snv.hr\\\/#website\",\"url\":\"https:\\\/\\\/snv.hr\\\/\",\"name\":\"Srpsko Narodno Vije\u0107e - SNV\",\"description\":\"Just another WordPress site\",\"publisher\":{\"@id\":\"https:\\\/\\\/snv.hr\\\/#organization\"},\"potentialAction\":[{\"@type\":\"SearchAction\",\"target\":{\"@type\":\"EntryPoint\",\"urlTemplate\":\"https:\\\/\\\/snv.hr\\\/?s={search_term_string}\"},\"query-input\":{\"@type\":\"PropertyValueSpecification\",\"valueRequired\":true,\"valueName\":\"search_term_string\"}}],\"inLanguage\":\"en-US\"},{\"@type\":\"Organization\",\"@id\":\"https:\\\/\\\/snv.hr\\\/#organization\",\"name\":\"Srpsko Narodno Vije\u0107e - SNV\",\"url\":\"https:\\\/\\\/snv.hr\\\/\",\"logo\":{\"@type\":\"ImageObject\",\"inLanguage\":\"en-US\",\"@id\":\"https:\\\/\\\/snv.hr\\\/#\\\/schema\\\/logo\\\/image\\\/\",\"url\":\"https:\\\/\\\/snv.hr\\\/wp-content\\\/uploads\\\/2022\\\/06\\\/SNV_logo_RGB-01.svg\",\"contentUrl\":\"https:\\\/\\\/snv.hr\\\/wp-content\\\/uploads\\\/2022\\\/06\\\/SNV_logo_RGB-01.svg\",\"width\":1417,\"height\":259,\"caption\":\"Srpsko Narodno Vije\u0107e - SNV\"},\"image\":{\"@id\":\"https:\\\/\\\/snv.hr\\\/#\\\/schema\\\/logo\\\/image\\\/\"}}]}<\/script>\n<!-- \/ Yoast SEO plugin. -->","yoast_head_json":{"title":"Arhiva Heritage from Below \/ Dre\u017enica: Traces and Memories 1941 \u2014 1945 - Srpsko Narodno Vije\u0107e - SNV","robots":{"index":"index","follow":"follow","max-snippet":"max-snippet:-1","max-image-preview":"max-image-preview:large","max-video-preview":"max-video-preview:-1"},"canonical":"https:\/\/snv.hr\/en\/news\/initiatives\/heritage-from-below-dreznica-traces-and-memories-1941-1945\/","og_locale":"en_US","og_type":"article","og_title":"Arhiva Heritage from Below \/ Dre\u017enica: Traces and Memories 1941 \u2014 1945 - Srpsko Narodno Vije\u0107e - SNV","og_description":"Heritage from Below \/ Dre\u017enica: Traces and Memories 1941 \u2014 1945 is an international interdisciplinary heritage project focused on the region of Dre\u017enica and its recent past. Located in central Croatia, this area was an important stage for the partisan struggle during WWII\u00a0and its landscape is marked by its traces. Those traces include hospitals, printing houses and military camps, as well as post-WWII monuments and the vast constellation of social and personal memories. We are interested in the entanglements of these traces and in the development of new methodological approaches to cultural heritage. In this project, we take heritage as an emancipatory practice for and by the local communities of our times. Project Coordinator: Sanja Horvatin\u010di\u0107 Research Team: Sanja Horvatin\u010di\u0107, Igor Kulenovi\u0107, Rui Gomes Coelho, Xurxo Ay\u00e1n Vila, Carlos Otero Vilari\u00f1o, Milan Radanovi\u0107, Emil Jurcan, Sara Sim\u00f5es Design: Nikola Kri\u017eanac Film: Matija Kralj Project partner: Serb National Council","og_url":"https:\/\/snv.hr\/en\/news\/initiatives\/heritage-from-below-dreznica-traces-and-memories-1941-1945\/","og_site_name":"Srpsko Narodno Vije\u0107e - SNV","twitter_card":"summary_large_image","schema":{"@context":"https:\/\/schema.org","@graph":[{"@type":"CollectionPage","@id":"https:\/\/snv.hr\/en\/news\/initiatives\/heritage-from-below-dreznica-traces-and-memories-1941-1945\/","url":"https:\/\/snv.hr\/en\/news\/initiatives\/heritage-from-below-dreznica-traces-and-memories-1941-1945\/","name":"Arhiva Heritage from Below \/ Dre\u017enica: Traces and Memories 1941 \u2014 1945 - Srpsko Narodno Vije\u0107e - SNV","isPartOf":{"@id":"https:\/\/snv.hr\/#website"},"breadcrumb":{"@id":"https:\/\/snv.hr\/en\/news\/initiatives\/heritage-from-below-dreznica-traces-and-memories-1941-1945\/#breadcrumb"},"inLanguage":"en-US"},{"@type":"BreadcrumbList","@id":"https:\/\/snv.hr\/en\/news\/initiatives\/heritage-from-below-dreznica-traces-and-memories-1941-1945\/#breadcrumb","itemListElement":[{"@type":"ListItem","position":1,"name":"Po\u010detna stranica","item":"https:\/\/snv.hr\/en\/"},{"@type":"ListItem","position":2,"name":"News","item":"https:\/\/snv.hr\/en\/news\/"},{"@type":"ListItem","position":3,"name":"Initiatives","item":"https:\/\/snv.hr\/en\/news\/initiatives\/"},{"@type":"ListItem","position":4,"name":"Heritage from Below \/ Dre\u017enica: Traces and Memories 1941 \u2014 1945"}]},{"@type":"WebSite","@id":"https:\/\/snv.hr\/#website","url":"https:\/\/snv.hr\/","name":"Srpsko Narodno Vije\u0107e - SNV","description":"Just another WordPress site","publisher":{"@id":"https:\/\/snv.hr\/#organization"},"potentialAction":[{"@type":"SearchAction","target":{"@type":"EntryPoint","urlTemplate":"https:\/\/snv.hr\/?s={search_term_string}"},"query-input":{"@type":"PropertyValueSpecification","valueRequired":true,"valueName":"search_term_string"}}],"inLanguage":"en-US"},{"@type":"Organization","@id":"https:\/\/snv.hr\/#organization","name":"Srpsko Narodno Vije\u0107e - SNV","url":"https:\/\/snv.hr\/","logo":{"@type":"ImageObject","inLanguage":"en-US","@id":"https:\/\/snv.hr\/#\/schema\/logo\/image\/","url":"https:\/\/snv.hr\/wp-content\/uploads\/2022\/06\/SNV_logo_RGB-01.svg","contentUrl":"https:\/\/snv.hr\/wp-content\/uploads\/2022\/06\/SNV_logo_RGB-01.svg","width":1417,"height":259,"caption":"Srpsko Narodno Vije\u0107e - SNV"},"image":{"@id":"https:\/\/snv.hr\/#\/schema\/logo\/image\/"}}]}},"_links":{"self":[{"href":"https:\/\/snv.hr\/en\/wp-json\/wp\/v2\/categories\/195","targetHints":{"allow":["GET"]}}],"collection":[{"href":"https:\/\/snv.hr\/en\/wp-json\/wp\/v2\/categories"}],"about":[{"href":"https:\/\/snv.hr\/en\/wp-json\/wp\/v2\/taxonomies\/category"}],"up":[{"embeddable":true,"href":"https:\/\/snv.hr\/en\/wp-json\/wp\/v2\/categories\/106"}],"wp:post_type":[{"href":"https:\/\/snv.hr\/en\/wp-json\/wp\/v2\/posts?categories=195"}],"curies":[{"name":"wp","href":"https:\/\/api.w.org\/{rel}","templated":true}]}}